{"id":730,"date":"2019-11-06T11:08:44","date_gmt":"2019-11-06T10:08:44","guid":{"rendered":"http:\/\/www.architektur-kiener.at\/cms\/?p=730"},"modified":"2023-08-31T11:59:11","modified_gmt":"2023-08-31T09:59:11","slug":"studio-1070","status":"publish","type":"post","link":"http:\/\/www.architektur-kiener.at\/cms\/2019\/11\/06\/studio-1070\/","title":{"rendered":"Studio 1070"},"content":{"rendered":"\t\t<div data-elementor-type=\"wp-post\" data-elementor-id=\"730\" class=\"elementor elementor-730\">\n\t\t\t\t\t\t<div class=\"elementor-inner\">\n\t\t\t\t<div class=\"elementor-section-wrap\">\n\t\t\t\t\t\t\t\t\t<section class=\"elementor-section elementor-top-section elementor-element elementor-element-b21eba9 elementor-section-boxed elementor-section-height-default elementor-section-height-default\" data-id=\"b21eba9\" data-element_type=\"section\">\n\t\t\t\t\t\t<div class=\"elementor-container elementor-column-gap-default\">\n\t\t\t\t\t\t\t<div class=\"elementor-row\">\n\t\t\t\t\t<div class=\"elementor-column elementor-col-100 elementor-top-column elementor-element elementor-element-bcbf970\" data-id=\"bcbf970\" data-element_type=\"column\">\n\t\t\t<div class=\"elementor-column-wrap elementor-element-populated\">\n\t\t\t\t\t\t\t<div class=\"elementor-widget-wrap\">\n\t\t\t\t\t\t<div class=\"elementor-element elementor-element-fe5e210 elementor-widget elementor-widget-heading\" data-id=\"fe5e210\" data-element_type=\"widget\" data-widget_type=\"heading.default\">\n\t\t\t\t<div class=\"elementor-widget-container\">\n\t\t\t<h2 class=\"elementor-heading-title elementor-size-default\">Studio 1070<\/h2>\t\t<\/div>\n\t\t\t\t<\/div>\n\t\t\t\t\t\t<\/div>\n\t\t\t\t\t<\/div>\n\t\t<\/div>\n\t\t\t\t\t\t\t\t<\/div>\n\t\t\t\t\t<\/div>\n\t\t<\/section>\n\t\t\t\t<section class=\"elementor-section elementor-top-section elementor-element elementor-element-51ce29f7 elementor-section-boxed elementor-section-height-default elementor-section-height-default\" data-id=\"51ce29f7\" data-element_type=\"section\">\n\t\t\t\t\t\t<div class=\"elementor-container elementor-column-gap-default\">\n\t\t\t\t\t\t\t<div class=\"elementor-row\">\n\t\t\t\t\t<div class=\"elementor-column elementor-col-50 elementor-top-column elementor-element elementor-element-70ad4812\" data-id=\"70ad4812\" data-element_type=\"column\">\n\t\t\t<div class=\"elementor-column-wrap elementor-element-populated\">\n\t\t\t\t\t\t\t<div class=\"elementor-widget-wrap\">\n\t\t\t\t\t\t<div class=\"elementor-element elementor-element-1d104545 elementor-widget elementor-widget-text-editor\" data-id=\"1d104545\" data-element_type=\"widget\" data-widget_type=\"text-editor.default\">\n\t\t\t\t<div class=\"elementor-widget-container\">\n\t\t\t\t\t\t\t\t<div class=\"elementor-text-editor elementor-clearfix\">\n\t\t\t\t<p class=\"MsoNormal\" style=\"line-height:150%\"><b><span style=\"font-family: &quot;Century Gothic&quot;, sans-serif; background-image: initial; background-position: initial; background-size: initial; background-repeat: initial; background-attachment: initial; background-origin: initial; background-clip: initial;\">Jahr:<\/span><\/b><span style=\"font-family: &quot;Century Gothic&quot;, sans-serif; background-image: initial; background-position: initial; background-size: initial; background-repeat: initial; background-attachment: initial; background-origin: initial; background-clip: initial;\">&nbsp;2019<br>\n<b>Ort:<\/b>&nbsp;1070, Wien<br>\n<b>Nutzung:&nbsp;<\/b><\/span><b><span style=\"font-size: 10.5pt; line-height: 150%; font-family: &quot;Century Gothic&quot;, sans-serif; background-image: initial; background-position: initial; background-size: initial; background-repeat: initial; background-attachment: initial; background-origin: initial; background-clip: initial;\">&nbsp;<\/span><\/b><span style=\"font-family: &quot;Century Gothic&quot;, sans-serif; background-image: initial; background-position: initial; background-size: initial; background-repeat: initial; background-attachment: initial; background-origin: initial; background-clip: initial;\">Cantienica Studio \/ Fitness Studio<br>\n<b>Projektleiter: <\/b>Ing. ARCH Tomas Proch\u00e1zka<\/span><span style=\"font-size: 10.5pt; line-height: 150%; font-family: &quot;Century Gothic&quot;, sans-serif;\"><o:p><\/o:p><\/span><\/p><p class=\"MsoNormal\" style=\"line-height:150%\"><span style=\"font-family: &quot;Century Gothic&quot;, sans-serif; color: rgb(85, 85, 85); background-image: initial; background-position: initial; background-size: initial; background-repeat: initial; background-attachment: initial; background-origin: initial; background-clip: initial;\">&nbsp;<\/span><\/p><p>\n\n\n\n<b><span style=\"font-size: 10pt; font-family: &quot;Century Gothic&quot;, sans-serif; background-image: initial; background-position: initial; background-size: initial; background-repeat: initial; background-attachment: initial; background-origin: initial; background-clip: initial;\">Projektbeschreibung:<br>\n<\/span><\/b><span style=\"font-size: 10pt; font-family: &quot;Century Gothic&quot;, sans-serif; background-image: initial; background-position: initial; background-size: initial; background-repeat: initial; background-attachment: initial; background-origin: initial; background-clip: initial;\">In der Stuckgasse wurde im Erdgescho\u00df ein Studio f\u00fcr\nBewegung errichtet. Es verf\u00fcgt \u00fcber einen eigenen Eingang von der Stra\u00dfe aus,\neine gro\u00dfe lichtdurchflutete Rezeption und unterschiedlich gro\u00dfe Studios f\u00fcr\nGruppen- und Privatstunden. Der urspr\u00fcnglich vollst\u00e4ndig versiegelte Hof wurde\nabgegraben und ein Garten f\u00fcr Bewegung im Freien gestaltet.<\/span><br><\/p>\t\t\t\t\t<\/div>\n\t\t\t\t\t\t<\/div>\n\t\t\t\t<\/div>\n\t\t\t\t\t\t<\/div>\n\t\t\t\t\t<\/div>\n\t\t<\/div>\n\t\t\t\t<div class=\"elementor-column elementor-col-50 elementor-top-column elementor-element elementor-element-7c774ab9\" data-id=\"7c774ab9\" data-element_type=\"column\">\n\t\t\t<div class=\"elementor-column-wrap elementor-element-populated\">\n\t\t\t\t\t\t\t<div class=\"elementor-widget-wrap\">\n\t\t\t\t\t\t<div class=\"elementor-element elementor-element-2072f9f9 elementor-widget elementor-widget-image\" data-id=\"2072f9f9\" data-element_type=\"widget\" data-widget_type=\"image.default\">\n\t\t\t\t<div class=\"elementor-widget-container\">\n\t\t\t\t\t\t\t\t<div class=\"elementor-image\">\n\t\t\t\t\t\t\t\t\t\t\t\t<img width=\"700\" height=\"394\" src=\"http:\/\/www.architektur-kiener.at\/cms\/wp-content\/uploads\/2019\/11\/IMG_20190909_201308-768x432.jpeg\" class=\"attachment-medium_large size-medium_large\" alt=\"\" loading=\"lazy\" srcset=\"http:\/\/www.architektur-kiener.at\/cms\/wp-content\/uploads\/2019\/11\/IMG_20190909_201308-768x432.jpeg 768w, http:\/\/www.architektur-kiener.at\/cms\/wp-content\/uploads\/2019\/11\/IMG_20190909_201308-300x169.jpeg 300w, http:\/\/www.architektur-kiener.at\/cms\/wp-content\/uploads\/2019\/11\/IMG_20190909_201308-1024x576.jpeg 1024w, http:\/\/www.architektur-kiener.at\/cms\/wp-content\/uploads\/2019\/11\/IMG_20190909_201308-150x84.jpeg 150w, http:\/\/www.architektur-kiener.at\/cms\/wp-content\/uploads\/2019\/11\/IMG_20190909_201308-1536x864.jpeg 1536w, http:\/\/www.architektur-kiener.at\/cms\/wp-content\/uploads\/2019\/11\/IMG_20190909_201308-2048x1152.jpeg 2048w, http:\/\/www.architektur-kiener.at\/cms\/wp-content\/uploads\/2019\/11\/IMG_20190909_201308-1000x563.jpeg 1000w\" sizes=\"(max-width: 700px) 100vw, 700px\" \/>\t\t\t\t\t\t\t\t\t\t\t\t\t\t<\/div>\n\t\t\t\t\t\t<\/div>\n\t\t\t\t<\/div>\n\t\t\t\t<div class=\"elementor-element elementor-element-366cdf56 elementor-widget elementor-widget-image\" data-id=\"366cdf56\" data-element_type=\"widget\" data-widget_type=\"image.default\">\n\t\t\t\t<div class=\"elementor-widget-container\">\n\t\t\t\t\t\t\t\t<div class=\"elementor-image\">\n\t\t\t\t\t\t\t\t\t\t\t\t<img width=\"700\" height=\"394\" src=\"http:\/\/www.architektur-kiener.at\/cms\/wp-content\/uploads\/2019\/11\/IMG_20190909_201956-768x432.jpeg\" class=\"attachment-medium_large size-medium_large\" alt=\"\" loading=\"lazy\" srcset=\"http:\/\/www.architektur-kiener.at\/cms\/wp-content\/uploads\/2019\/11\/IMG_20190909_201956-768x432.jpeg 768w, http:\/\/www.architektur-kiener.at\/cms\/wp-content\/uploads\/2019\/11\/IMG_20190909_201956-300x169.jpeg 300w, http:\/\/www.architektur-kiener.at\/cms\/wp-content\/uploads\/2019\/11\/IMG_20190909_201956-1024x576.jpeg 1024w, http:\/\/www.architektur-kiener.at\/cms\/wp-content\/uploads\/2019\/11\/IMG_20190909_201956-150x84.jpeg 150w, http:\/\/www.architektur-kiener.at\/cms\/wp-content\/uploads\/2019\/11\/IMG_20190909_201956-1536x864.jpeg 1536w, http:\/\/www.architektur-kiener.at\/cms\/wp-content\/uploads\/2019\/11\/IMG_20190909_201956-2048x1152.jpeg 2048w, http:\/\/www.architektur-kiener.at\/cms\/wp-content\/uploads\/2019\/11\/IMG_20190909_201956-1000x563.jpeg 1000w\" sizes=\"(max-width: 700px) 100vw, 700px\" \/>\t\t\t\t\t\t\t\t\t\t\t\t\t\t<\/div>\n\t\t\t\t\t\t<\/div>\n\t\t\t\t<\/div>\n\t\t\t\t<div class=\"elementor-element elementor-element-204661c2 elementor-widget elementor-widget-image\" data-id=\"204661c2\" data-element_type=\"widget\" data-widget_type=\"image.default\">\n\t\t\t\t<div class=\"elementor-widget-container\">\n\t\t\t\t\t\t\t\t<div class=\"elementor-image\">\n\t\t\t\t\t\t\t\t\t\t\t\t<img width=\"700\" height=\"354\" src=\"http:\/\/www.architektur-kiener.at\/cms\/wp-content\/uploads\/2019\/11\/IMG_20190909_202038-1024x518.jpeg\" class=\"attachment-large size-large\" alt=\"\" loading=\"lazy\" srcset=\"http:\/\/www.architektur-kiener.at\/cms\/wp-content\/uploads\/2019\/11\/IMG_20190909_202038-1024x518.jpeg 1024w, http:\/\/www.architektur-kiener.at\/cms\/wp-content\/uploads\/2019\/11\/IMG_20190909_202038-300x152.jpeg 300w, http:\/\/www.architektur-kiener.at\/cms\/wp-content\/uploads\/2019\/11\/IMG_20190909_202038-150x76.jpeg 150w, http:\/\/www.architektur-kiener.at\/cms\/wp-content\/uploads\/2019\/11\/IMG_20190909_202038-768x388.jpeg 768w, http:\/\/www.architektur-kiener.at\/cms\/wp-content\/uploads\/2019\/11\/IMG_20190909_202038-1536x777.jpeg 1536w, http:\/\/www.architektur-kiener.at\/cms\/wp-content\/uploads\/2019\/11\/IMG_20190909_202038-2048x1036.jpeg 2048w, http:\/\/www.architektur-kiener.at\/cms\/wp-content\/uploads\/2019\/11\/IMG_20190909_202038-1000x506.jpeg 1000w\" sizes=\"(max-width: 700px) 100vw, 700px\" \/>\t\t\t\t\t\t\t\t\t\t\t\t\t\t<\/div>\n\t\t\t\t\t\t<\/div>\n\t\t\t\t<\/div>\n\t\t\t\t\t\t<\/div>\n\t\t\t\t\t<\/div>\n\t\t<\/div>\n\t\t\t\t\t\t\t\t<\/div>\n\t\t\t\t\t<\/div>\n\t\t<\/section>\n\t\t\t\t\t\t\t\t\t<\/div>\n\t\t\t<\/div>\n\t\t\t\t\t<\/div>\n\t\t","protected":false},"excerpt":{"rendered":"<p>Baujahr: 2019<br \/>\nOrt: Wien<br \/>\nNutzung: Cantienica Studio \/ Fitness Studio<br \/>\nNNF: 215M2<br \/>\nProjektleiter: Ing. ARCH Tomas Proch\u00e1zka&hellip;<\/p>\n","protected":false},"author":4,"featured_media":1191,"comment_status":"closed","ping_status":"closed","sticky":false,"template":"elementor_header_footer","format":"standard","meta":[],"categories":[10,67],"tags":[47,46],"_links":{"self":[{"href":"http:\/\/www.architektur-kiener.at\/cms\/wp-json\/wp\/v2\/posts\/730"}],"collection":[{"href":"http:\/\/www.architektur-kiener.at\/cms\/wp-json\/wp\/v2\/posts"}],"about":[{"href":"http:\/\/www.architektur-kiener.at\/cms\/wp-json\/wp\/v2\/types\/post"}],"author":[{"embeddable":true,"href":"http:\/\/www.architektur-kiener.at\/cms\/wp-json\/wp\/v2\/users\/4"}],"replies":[{"embeddable":true,"href":"http:\/\/www.architektur-kiener.at\/cms\/wp-json\/wp\/v2\/comments?post=730"}],"version-history":[{"count":26,"href":"http:\/\/www.architektur-kiener.at\/cms\/wp-json\/wp\/v2\/posts\/730\/revisions"}],"predecessor-version":[{"id":1716,"href":"http:\/\/www.architektur-kiener.at\/cms\/wp-json\/wp\/v2\/posts\/730\/revisions\/1716"}],"wp:featuredmedia":[{"embeddable":true,"href":"http:\/\/www.architektur-kiener.at\/cms\/wp-json\/wp\/v2\/media\/1191"}],"wp:attachment":[{"href":"http:\/\/www.architektur-kiener.at\/cms\/wp-json\/wp\/v2\/media?parent=730"}],"wp:term":[{"taxonomy":"category","embeddable":true,"href":"http:\/\/www.architektur-kiener.at\/cms\/wp-json\/wp\/v2\/categories?post=730"},{"taxonomy":"post_tag","embeddable":true,"href":"http:\/\/www.architektur-kiener.at\/cms\/wp-json\/wp\/v2\/tags?post=730"}],"curies":[{"name":"wp","href":"https:\/\/api.w.org\/{rel}","templated":true}]}}