{"id":721,"date":"2019-11-07T14:52:08","date_gmt":"2019-11-07T13:52:08","guid":{"rendered":"http:\/\/www.architektur-kiener.at\/cms\/?p=721"},"modified":"2023-08-31T11:59:01","modified_gmt":"2023-08-31T09:59:01","slug":"stuckgasse-13","status":"publish","type":"post","link":"http:\/\/www.architektur-kiener.at\/cms\/2019\/11\/07\/stuckgasse-13\/","title":{"rendered":"Stuckgasse, 1070 Wien"},"content":{"rendered":"\t\t<div data-elementor-type=\"wp-post\" data-elementor-id=\"721\" class=\"elementor elementor-721\">\n\t\t\t\t\t\t<div class=\"elementor-inner\">\n\t\t\t\t<div class=\"elementor-section-wrap\">\n\t\t\t\t\t\t\t\t\t<section class=\"elementor-section elementor-top-section elementor-element elementor-element-d2ef432 elementor-section-boxed elementor-section-height-default elementor-section-height-default\" data-id=\"d2ef432\" data-element_type=\"section\">\n\t\t\t\t\t\t<div class=\"elementor-container elementor-column-gap-default\">\n\t\t\t\t\t\t\t<div class=\"elementor-row\">\n\t\t\t\t\t<div class=\"elementor-column elementor-col-100 elementor-top-column elementor-element elementor-element-8853ec6\" data-id=\"8853ec6\" data-element_type=\"column\">\n\t\t\t<div class=\"elementor-column-wrap elementor-element-populated\">\n\t\t\t\t\t\t\t<div class=\"elementor-widget-wrap\">\n\t\t\t\t\t\t<div class=\"elementor-element elementor-element-8363b29 elementor-widget elementor-widget-heading\" data-id=\"8363b29\" data-element_type=\"widget\" data-widget_type=\"heading.default\">\n\t\t\t\t<div class=\"elementor-widget-container\">\n\t\t\t<h2 class=\"elementor-heading-title elementor-size-default\">Stuckgasse<\/h2>\t\t<\/div>\n\t\t\t\t<\/div>\n\t\t\t\t\t\t<\/div>\n\t\t\t\t\t<\/div>\n\t\t<\/div>\n\t\t\t\t\t\t\t\t<\/div>\n\t\t\t\t\t<\/div>\n\t\t<\/section>\n\t\t\t\t<section class=\"elementor-section elementor-top-section elementor-element elementor-element-4fcf6084 elementor-section-boxed elementor-section-height-default elementor-section-height-default\" data-id=\"4fcf6084\" data-element_type=\"section\">\n\t\t\t\t\t\t<div class=\"elementor-container elementor-column-gap-default\">\n\t\t\t\t\t\t\t<div class=\"elementor-row\">\n\t\t\t\t\t<div class=\"elementor-column elementor-col-50 elementor-top-column elementor-element elementor-element-195e0cef\" data-id=\"195e0cef\" data-element_type=\"column\">\n\t\t\t<div class=\"elementor-column-wrap elementor-element-populated\">\n\t\t\t\t\t\t\t<div class=\"elementor-widget-wrap\">\n\t\t\t\t\t\t<div class=\"elementor-element elementor-element-726e9e43 elementor-widget elementor-widget-text-editor\" data-id=\"726e9e43\" data-element_type=\"widget\" data-widget_type=\"text-editor.default\">\n\t\t\t\t<div class=\"elementor-widget-container\">\n\t\t\t\t\t\t\t\t<div class=\"elementor-text-editor elementor-clearfix\">\n\t\t\t\t<p style=\"line-height:150%\"><b><span style=\"font-family: &quot;Century Gothic&quot;, sans-serif; background-image: initial; background-position: initial; background-size: initial; background-repeat: initial; background-attachment: initial; background-origin: initial; background-clip: initial;\">Jahr:<\/span><\/b><span style=\"font-family: &quot;Century Gothic&quot;, sans-serif; background-image: initial; background-position: initial; background-size: initial; background-repeat: initial; background-attachment: initial; background-origin: initial; background-clip: initial;\">&nbsp;2019- bis heute<br><b style=\"font-style: inherit;\">Ort:<\/b>&nbsp;1070, Wien<br><b style=\"font-style: inherit;\">Nutzung:&nbsp;<\/b>Wohnbau<br><b style=\"font-style: inherit;\">Projektleiter: <\/b><span style=\"font-size: 10.5pt; line-height: 150%; background-image: initial; background-position: initial; background-size: initial; background-repeat: initial; background-attachment: initial; background-origin: initial; background-clip: initial;\">Ing. Arch. Tomas Prochazka<\/span><span style=\"font-size: 10.5pt; line-height: 150%;\"><o:p><\/o:p><\/span><\/span><\/p>\n<p style=\"line-height:150%\"><span style=\"font-family: &quot;Century Gothic&quot;, sans-serif; color: rgb(85, 85, 85); background-image: initial; background-position: initial; background-size: initial; background-repeat: initial; background-attachment: initial; background-origin: initial; background-clip: initial;\">&nbsp;<\/span><\/p>\n<p style=\"line-height:115%\"><b><span style=\"font-family: &quot;Century Gothic&quot;, sans-serif; background-image: initial; background-position: initial; background-size: initial; background-repeat: initial; background-attachment: initial; background-origin: initial; background-clip: initial;\">Projektbeschreibung:<\/span><\/b><\/p>\n<p style=\"line-height:115%\"><span style=\"font-size: 10pt; font-family: &quot;Century Gothic&quot;, sans-serif; background-image: initial; background-position: initial; background-size: initial; background-repeat: initial; background-attachment: initial; background-origin: initial; background-clip: initial;\">Der Dachausbau erfolgte auf einem gr\u00fcnderzeitlichen<br>H-Trakter. Sowohl auf den Stra\u00dfentrakt als auch auf den Hoftrakt wurden 2<br>Dachgeschosse aufgebaut. Co-Living als unabh\u00e4ngiges Wohnen in der Gemeinschaft<br>mit Dachterrassen und Rundumblick war ein wichtiger Bestandteil des Konzepts.<\/span><\/p>\n<p style=\"line-height:115%\"><br><\/p>\n<p style=\"line-height:115%\"><b><span style=\"font-family: &quot;Century Gothic&quot;, sans-serif; background-image: initial; background-position: initial; background-size: initial; background-repeat: initial; background-attachment: initial; background-origin: initial; background-clip: initial;\"><br><\/span><\/b><\/p>\n<p style=\"line-height:115%\"><o:p><\/o:p><\/p>\t\t\t\t\t<\/div>\n\t\t\t\t\t\t<\/div>\n\t\t\t\t<\/div>\n\t\t\t\t\t\t<\/div>\n\t\t\t\t\t<\/div>\n\t\t<\/div>\n\t\t\t\t<div class=\"elementor-column elementor-col-50 elementor-top-column elementor-element elementor-element-53d2716b\" data-id=\"53d2716b\" data-element_type=\"column\">\n\t\t\t<div class=\"elementor-column-wrap elementor-element-populated\">\n\t\t\t\t\t\t\t<div class=\"elementor-widget-wrap\">\n\t\t\t\t\t\t<div class=\"elementor-element elementor-element-154e5131 elementor-widget elementor-widget-image\" data-id=\"154e5131\" data-element_type=\"widget\" data-widget_type=\"image.default\">\n\t\t\t\t<div class=\"elementor-widget-container\">\n\t\t\t\t\t\t\t\t<div class=\"elementor-image\">\n\t\t\t\t\t\t\t\t\t\t\t\t<img width=\"700\" height=\"467\" src=\"http:\/\/www.architektur-kiener.at\/cms\/wp-content\/uploads\/2019\/11\/IMG_8047-768x512.jpg\" class=\"attachment-medium_large size-medium_large\" alt=\"\" loading=\"lazy\" srcset=\"http:\/\/www.architektur-kiener.at\/cms\/wp-content\/uploads\/2019\/11\/IMG_8047-768x512.jpg 768w, http:\/\/www.architektur-kiener.at\/cms\/wp-content\/uploads\/2019\/11\/IMG_8047-300x200.jpg 300w, http:\/\/www.architektur-kiener.at\/cms\/wp-content\/uploads\/2019\/11\/IMG_8047-1024x683.jpg 1024w, http:\/\/www.architektur-kiener.at\/cms\/wp-content\/uploads\/2019\/11\/IMG_8047-1536x1024.jpg 1536w, http:\/\/www.architektur-kiener.at\/cms\/wp-content\/uploads\/2019\/11\/IMG_8047-2048x1365.jpg 2048w, http:\/\/www.architektur-kiener.at\/cms\/wp-content\/uploads\/2019\/11\/IMG_8047-690x460.jpg 690w, http:\/\/www.architektur-kiener.at\/cms\/wp-content\/uploads\/2019\/11\/IMG_8047-980x653.jpg 980w, http:\/\/www.architektur-kiener.at\/cms\/wp-content\/uploads\/2019\/11\/IMG_8047-scaled-e1609166130763.jpg 150w\" sizes=\"(max-width: 700px) 100vw, 700px\" \/>\t\t\t\t\t\t\t\t\t\t\t\t\t\t<\/div>\n\t\t\t\t\t\t<\/div>\n\t\t\t\t<\/div>\n\t\t\t\t<div class=\"elementor-element elementor-element-68cc8694 elementor-widget elementor-widget-image\" data-id=\"68cc8694\" data-element_type=\"widget\" data-widget_type=\"image.default\">\n\t\t\t\t<div class=\"elementor-widget-container\">\n\t\t\t\t\t\t\t\t<div class=\"elementor-image\">\n\t\t\t\t\t\t\t\t\t\t\t\t<img width=\"700\" height=\"467\" src=\"http:\/\/www.architektur-kiener.at\/cms\/wp-content\/uploads\/2019\/11\/IMG_8023-768x512.jpg\" class=\"attachment-medium_large size-medium_large\" alt=\"\" loading=\"lazy\" srcset=\"http:\/\/www.architektur-kiener.at\/cms\/wp-content\/uploads\/2019\/11\/IMG_8023-768x512.jpg 768w, http:\/\/www.architektur-kiener.at\/cms\/wp-content\/uploads\/2019\/11\/IMG_8023-300x200.jpg 300w, http:\/\/www.architektur-kiener.at\/cms\/wp-content\/uploads\/2019\/11\/IMG_8023-1024x683.jpg 1024w, http:\/\/www.architektur-kiener.at\/cms\/wp-content\/uploads\/2019\/11\/IMG_8023-690x460.jpg 690w, http:\/\/www.architektur-kiener.at\/cms\/wp-content\/uploads\/2019\/11\/IMG_8023-980x653.jpg 980w\" sizes=\"(max-width: 700px) 100vw, 700px\" \/>\t\t\t\t\t\t\t\t\t\t\t\t\t\t<\/div>\n\t\t\t\t\t\t<\/div>\n\t\t\t\t<\/div>\n\t\t\t\t<div class=\"elementor-element elementor-element-633f564 elementor-widget elementor-widget-image\" data-id=\"633f564\" data-element_type=\"widget\" data-widget_type=\"image.default\">\n\t\t\t\t<div class=\"elementor-widget-container\">\n\t\t\t\t\t\t\t\t<div class=\"elementor-image\">\n\t\t\t\t\t\t\t\t\t\t\t\t<img width=\"700\" height=\"467\" src=\"http:\/\/www.architektur-kiener.at\/cms\/wp-content\/uploads\/2019\/11\/IMG_7976-768x512.jpg\" class=\"attachment-medium_large size-medium_large\" alt=\"\" loading=\"lazy\" srcset=\"http:\/\/www.architektur-kiener.at\/cms\/wp-content\/uploads\/2019\/11\/IMG_7976-768x512.jpg 768w, http:\/\/www.architektur-kiener.at\/cms\/wp-content\/uploads\/2019\/11\/IMG_7976-300x200.jpg 300w, http:\/\/www.architektur-kiener.at\/cms\/wp-content\/uploads\/2019\/11\/IMG_7976-1024x683.jpg 1024w, http:\/\/www.architektur-kiener.at\/cms\/wp-content\/uploads\/2019\/11\/IMG_7976-690x460.jpg 690w, http:\/\/www.architektur-kiener.at\/cms\/wp-content\/uploads\/2019\/11\/IMG_7976-980x653.jpg 980w\" sizes=\"(max-width: 700px) 100vw, 700px\" \/>\t\t\t\t\t\t\t\t\t\t\t\t\t\t<\/div>\n\t\t\t\t\t\t<\/div>\n\t\t\t\t<\/div>\n\t\t\t\t<div class=\"elementor-element elementor-element-54dc2fe9 elementor-widget elementor-widget-image\" data-id=\"54dc2fe9\" data-element_type=\"widget\" data-widget_type=\"image.default\">\n\t\t\t\t<div class=\"elementor-widget-container\">\n\t\t\t\t\t\t\t\t<div class=\"elementor-image\">\n\t\t\t\t\t\t\t\t\t\t\t\t<img width=\"700\" height=\"467\" src=\"http:\/\/www.architektur-kiener.at\/cms\/wp-content\/uploads\/2019\/11\/IMG_8032-768x512.jpg\" class=\"attachment-medium_large size-medium_large\" alt=\"\" loading=\"lazy\" srcset=\"http:\/\/www.architektur-kiener.at\/cms\/wp-content\/uploads\/2019\/11\/IMG_8032-768x512.jpg 768w, http:\/\/www.architektur-kiener.at\/cms\/wp-content\/uploads\/2019\/11\/IMG_8032-300x200.jpg 300w, http:\/\/www.architektur-kiener.at\/cms\/wp-content\/uploads\/2019\/11\/IMG_8032-1024x683.jpg 1024w, http:\/\/www.architektur-kiener.at\/cms\/wp-content\/uploads\/2019\/11\/IMG_8032-690x460.jpg 690w, http:\/\/www.architektur-kiener.at\/cms\/wp-content\/uploads\/2019\/11\/IMG_8032-980x653.jpg 980w\" sizes=\"(max-width: 700px) 100vw, 700px\" \/>\t\t\t\t\t\t\t\t\t\t\t\t\t\t<\/div>\n\t\t\t\t\t\t<\/div>\n\t\t\t\t<\/div>\n\t\t\t\t\t\t<\/div>\n\t\t\t\t\t<\/div>\n\t\t<\/div>\n\t\t\t\t\t\t\t\t<\/div>\n\t\t\t\t\t<\/div>\n\t\t<\/section>\n\t\t\t\t\t\t\t\t\t<\/div>\n\t\t\t<\/div>\n\t\t\t\t\t<\/div>\n\t\t","protected":false},"excerpt":{"rendered":"<p>Baujahr: 2019<br \/>\nOrt: Wien<br \/>\nNutzung: Wohnbau<br \/>\nNNF: 2481m\u00b2<br \/>\nProjektleiter: Ing. ARCH Tomas Proch\u00e1zka&hellip;<\/p>\n","protected":false},"author":4,"featured_media":1190,"comment_status":"closed","ping_status":"closed","sticky":false,"template":"elementor_header_footer","format":"standard","meta":[],"categories":[8,67],"tags":[45],"_links":{"self":[{"href":"http:\/\/www.architektur-kiener.at\/cms\/wp-json\/wp\/v2\/posts\/721"}],"collection":[{"href":"http:\/\/www.architektur-kiener.at\/cms\/wp-json\/wp\/v2\/posts"}],"about":[{"href":"http:\/\/www.architektur-kiener.at\/cms\/wp-json\/wp\/v2\/types\/post"}],"author":[{"embeddable":true,"href":"http:\/\/www.architektur-kiener.at\/cms\/wp-json\/wp\/v2\/users\/4"}],"replies":[{"embeddable":true,"href":"http:\/\/www.architektur-kiener.at\/cms\/wp-json\/wp\/v2\/comments?post=721"}],"version-history":[{"count":35,"href":"http:\/\/www.architektur-kiener.at\/cms\/wp-json\/wp\/v2\/posts\/721\/revisions"}],"predecessor-version":[{"id":1901,"href":"http:\/\/www.architektur-kiener.at\/cms\/wp-json\/wp\/v2\/posts\/721\/revisions\/1901"}],"wp:featuredmedia":[{"embeddable":true,"href":"http:\/\/www.architektur-kiener.at\/cms\/wp-json\/wp\/v2\/media\/1190"}],"wp:attachment":[{"href":"http:\/\/www.architektur-kiener.at\/cms\/wp-json\/wp\/v2\/media?parent=721"}],"wp:term":[{"taxonomy":"category","embeddable":true,"href":"http:\/\/www.architektur-kiener.at\/cms\/wp-json\/wp\/v2\/categories?post=721"},{"taxonomy":"post_tag","embeddable":true,"href":"http:\/\/www.architektur-kiener.at\/cms\/wp-json\/wp\/v2\/tags?post=721"}],"curies":[{"name":"wp","href":"https:\/\/api.w.org\/{rel}","templated":true}]}}