{"id":228,"date":"2006-05-21T14:19:18","date_gmt":"2006-05-21T12:19:18","guid":{"rendered":"http:\/\/architektur-kiener.purespace.eu\/cms\/?p=228"},"modified":"2023-08-31T11:04:45","modified_gmt":"2023-08-31T09:04:45","slug":"wohnhausanlage-der-stadt-wien-weissenboeckstrasse-1110-wien","status":"publish","type":"post","link":"http:\/\/www.architektur-kiener.at\/cms\/2006\/05\/21\/wohnhausanlage-der-stadt-wien-weissenboeckstrasse-1110-wien\/","title":{"rendered":"Wei\u00dfenb\u00f6ckstra\u00dfe, 1110 Wien"},"content":{"rendered":"\t\t<div data-elementor-type=\"wp-post\" data-elementor-id=\"228\" class=\"elementor elementor-228\">\n\t\t\t\t\t\t<div class=\"elementor-inner\">\n\t\t\t\t<div class=\"elementor-section-wrap\">\n\t\t\t\t\t\t\t\t\t<section class=\"elementor-section elementor-top-section elementor-element elementor-element-0748181 elementor-section-boxed elementor-section-height-default elementor-section-height-default\" data-id=\"0748181\" data-element_type=\"section\">\n\t\t\t\t\t\t<div class=\"elementor-container elementor-column-gap-default\">\n\t\t\t\t\t\t\t<div class=\"elementor-row\">\n\t\t\t\t\t<div class=\"elementor-column elementor-col-50 elementor-top-column elementor-element elementor-element-e1a0fd4\" data-id=\"e1a0fd4\" data-element_type=\"column\">\n\t\t\t<div class=\"elementor-column-wrap elementor-element-populated\">\n\t\t\t\t\t\t\t<div class=\"elementor-widget-wrap\">\n\t\t\t\t\t\t<div class=\"elementor-element elementor-element-73102a6 elementor-widget elementor-widget-heading\" data-id=\"73102a6\" data-element_type=\"widget\" data-widget_type=\"heading.default\">\n\t\t\t\t<div class=\"elementor-widget-container\">\n\t\t\t<h2 class=\"elementor-heading-title elementor-size-default\">Wei\u00dfenb\u00f6ckstra\u00dfe<\/h2>\t\t<\/div>\n\t\t\t\t<\/div>\n\t\t\t\t<div class=\"elementor-element elementor-element-a7ad651 elementor-widget elementor-widget-text-editor\" data-id=\"a7ad651\" data-element_type=\"widget\" data-widget_type=\"text-editor.default\">\n\t\t\t\t<div class=\"elementor-widget-container\">\n\t\t\t\t\t\t\t\t<div class=\"elementor-text-editor elementor-clearfix\">\n\t\t\t\t<p><b style=\"color: #000000; font-family: Muli, sans-serif;\"><span style=\"font-family: 'Century Gothic', sans-serif;\">Baujahr:<\/span><\/b><span style=\"color: #000000; font-family: 'Century Gothic', sans-serif;\">\u00a02005<br \/><\/span><b style=\"font-family: inherit; font-style: inherit; color: #000000;\"><span style=\"font-family: 'Century Gothic', sans-serif;\">Ort:<\/span><\/b><span style=\"color: #000000; font-size: 15px; font-family: 'Century Gothic', sans-serif;\">\u00a01110, Wien<br \/><\/span><b style=\"font-family: inherit; font-style: inherit; color: #000000;\"><span style=\"font-family: 'Century Gothic', sans-serif;\">Nutzung:\u00a0<\/span><\/b><span style=\"color: #000000; font-size: 15px; font-family: 'Century Gothic', sans-serif;\">Wohnhaus<\/span><span style=\"color: #000000; font-size: 15px; font-family: 'Century Gothic', sans-serif;\"><br \/><\/span><b style=\"font-family: inherit; font-style: inherit; color: #000000;\"><span style=\"font-family: 'Century Gothic', sans-serif;\">Projektleiter:<span style=\"font-size: 15px;\">\u00a0<\/span><\/span><\/b><span style=\"color: black; font-family: 'Century Gothic', sans-serif; font-size: 10.5pt; font-weight: var( --e-global-typography-text-font-weight );\">Arch. Mag. Arch. FranzKIENER, <br \/>Arch. Dipl.Ing. Martin KIENER<\/span><\/p>\t\t\t\t\t<\/div>\n\t\t\t\t\t\t<\/div>\n\t\t\t\t<\/div>\n\t\t\t\t\t\t<\/div>\n\t\t\t\t\t<\/div>\n\t\t<\/div>\n\t\t\t\t<div class=\"elementor-column elementor-col-50 elementor-top-column elementor-element elementor-element-029fafc\" data-id=\"029fafc\" data-element_type=\"column\">\n\t\t\t<div class=\"elementor-column-wrap elementor-element-populated\">\n\t\t\t\t\t\t\t<div class=\"elementor-widget-wrap\">\n\t\t\t\t\t\t<div class=\"elementor-element elementor-element-f697482 elementor-widget elementor-widget-image\" data-id=\"f697482\" data-element_type=\"widget\" data-widget_type=\"image.default\">\n\t\t\t\t<div class=\"elementor-widget-container\">\n\t\t\t\t\t\t\t\t<div class=\"elementor-image\">\n\t\t\t\t\t\t\t\t\t\t\t\t<img width=\"700\" height=\"728\" src=\"http:\/\/www.architektur-kiener.at\/cms\/wp-content\/uploads\/2021\/09\/42-984x1024.jpeg\" class=\"attachment-large size-large\" alt=\"\" loading=\"lazy\" srcset=\"http:\/\/www.architektur-kiener.at\/cms\/wp-content\/uploads\/2021\/09\/42-984x1024.jpeg 984w, http:\/\/www.architektur-kiener.at\/cms\/wp-content\/uploads\/2021\/09\/42-288x300.jpeg 288w, http:\/\/www.architektur-kiener.at\/cms\/wp-content\/uploads\/2021\/09\/42-144x150.jpeg 144w, http:\/\/www.architektur-kiener.at\/cms\/wp-content\/uploads\/2021\/09\/42-768x800.jpeg 768w, http:\/\/www.architektur-kiener.at\/cms\/wp-content\/uploads\/2021\/09\/42-1475x1536.jpeg 1475w, http:\/\/www.architektur-kiener.at\/cms\/wp-content\/uploads\/2021\/09\/42.jpeg 1536w\" sizes=\"(max-width: 700px) 100vw, 700px\" \/>\t\t\t\t\t\t\t\t\t\t\t\t\t\t<\/div>\n\t\t\t\t\t\t<\/div>\n\t\t\t\t<\/div>\n\t\t\t\t<div class=\"elementor-element elementor-element-041028b elementor-widget elementor-widget-image\" data-id=\"041028b\" data-element_type=\"widget\" data-widget_type=\"image.default\">\n\t\t\t\t<div class=\"elementor-widget-container\">\n\t\t\t\t\t\t\t\t<div class=\"elementor-image\">\n\t\t\t\t\t\t\t\t\t\t\t\t<img width=\"700\" height=\"507\" src=\"http:\/\/www.architektur-kiener.at\/cms\/wp-content\/uploads\/2021\/09\/35-1024x742.jpeg\" class=\"attachment-large size-large\" alt=\"\" loading=\"lazy\" srcset=\"http:\/\/www.architektur-kiener.at\/cms\/wp-content\/uploads\/2021\/09\/35-1024x742.jpeg 1024w, http:\/\/www.architektur-kiener.at\/cms\/wp-content\/uploads\/2021\/09\/35-300x217.jpeg 300w, http:\/\/www.architektur-kiener.at\/cms\/wp-content\/uploads\/2021\/09\/35-150x109.jpeg 150w, http:\/\/www.architektur-kiener.at\/cms\/wp-content\/uploads\/2021\/09\/35-768x557.jpeg 768w, http:\/\/www.architektur-kiener.at\/cms\/wp-content\/uploads\/2021\/09\/35-1536x1113.jpeg 1536w, http:\/\/www.architektur-kiener.at\/cms\/wp-content\/uploads\/2021\/09\/35-1000x725.jpeg 1000w, http:\/\/www.architektur-kiener.at\/cms\/wp-content\/uploads\/2021\/09\/35.jpeg 1672w\" sizes=\"(max-width: 700px) 100vw, 700px\" \/>\t\t\t\t\t\t\t\t\t\t\t\t\t\t<\/div>\n\t\t\t\t\t\t<\/div>\n\t\t\t\t<\/div>\n\t\t\t\t\t\t<\/div>\n\t\t\t\t\t<\/div>\n\t\t<\/div>\n\t\t\t\t\t\t\t\t<\/div>\n\t\t\t\t\t<\/div>\n\t\t<\/section>\n\t\t\t\t\t\t\t\t\t<\/div>\n\t\t\t<\/div>\n\t\t\t\t\t<\/div>\n\t\t","protected":false},"excerpt":{"rendered":"<p>Wei\u00dfenb\u00f6ckstra\u00dfe Baujahr:\u00a02005Ort:\u00a01110, WienNutzung:\u00a0WohnhausProjektleiter:\u00a0Arch. Mag. Arch. FranzKIENER, Arch. Dipl.Ing. Martin KIENER&hellip;<\/p>\n","protected":false},"author":3,"featured_media":1465,"comment_status":"closed","ping_status":"closed","sticky":false,"template":"elementor_header_footer","format":"gallery","meta":[],"categories":[9,7],"tags":[27],"_links":{"self":[{"href":"http:\/\/www.architektur-kiener.at\/cms\/wp-json\/wp\/v2\/posts\/228"}],"collection":[{"href":"http:\/\/www.architektur-kiener.at\/cms\/wp-json\/wp\/v2\/posts"}],"about":[{"href":"http:\/\/www.architektur-kiener.at\/cms\/wp-json\/wp\/v2\/types\/post"}],"author":[{"embeddable":true,"href":"http:\/\/www.architektur-kiener.at\/cms\/wp-json\/wp\/v2\/users\/3"}],"replies":[{"embeddable":true,"href":"http:\/\/www.architektur-kiener.at\/cms\/wp-json\/wp\/v2\/comments?post=228"}],"version-history":[{"count":9,"href":"http:\/\/www.architektur-kiener.at\/cms\/wp-json\/wp\/v2\/posts\/228\/revisions"}],"predecessor-version":[{"id":2068,"href":"http:\/\/www.architektur-kiener.at\/cms\/wp-json\/wp\/v2\/posts\/228\/revisions\/2068"}],"wp:featuredmedia":[{"embeddable":true,"href":"http:\/\/www.architektur-kiener.at\/cms\/wp-json\/wp\/v2\/media\/1465"}],"wp:attachment":[{"href":"http:\/\/www.architektur-kiener.at\/cms\/wp-json\/wp\/v2\/media?parent=228"}],"wp:term":[{"taxonomy":"category","embeddable":true,"href":"http:\/\/www.architektur-kiener.at\/cms\/wp-json\/wp\/v2\/categories?post=228"},{"taxonomy":"post_tag","embeddable":true,"href":"http:\/\/www.architektur-kiener.at\/cms\/wp-json\/wp\/v2\/tags?post=228"}],"curies":[{"name":"wp","href":"https:\/\/api.w.org\/{rel}","templated":true}]}}